{"id":16778,"date":"2022-02-12T12:22:29","date_gmt":"2022-02-12T11:22:29","guid":{"rendered":"https:\/\/www.csg.lu\/?p=16778"},"modified":"2022-03-11T09:44:08","modified_gmt":"2022-03-11T08:44:08","slug":"verdienter-sieg-zum-rueckrundenauftakt","status":"publish","type":"post","link":"https:\/\/www.csg.lu\/index.php\/2022\/02\/12\/verdienter-sieg-zum-rueckrundenauftakt\/","title":{"rendered":"Verdienter Sieg zum R\u00fcckrundenauftakt"},"content":{"rendered":"\r\n<p>Gestern fand in Mensdorf das erste Spiel der R\u00fcckrunde zwischen Gastgeber FC Syra Mensdorf und dem CS Grevenmacher statt.<\/p>\r\n<p><br \/>Erstmals seit langer Zeit konnten, durch das mittags gestimmte neue Covid-Gesetz, ohne weitere sanit\u00e4re Auflagen mehr als 200 Zuschauer zu einem Fu\u00dfballspiel in Luxemburg kommen, was auch der Fall war. Eine gute Kulisse und gute Stimmung sollten die Akteure beider Mannschaften befl\u00fcgeln<\/p>\r\n<p>Vor allem die G\u00e4ste kamen sehr gut ins Spiel und nach nur 4 Minuten gab es die erste Gro\u00dfchance durch Linn, der den Ball jedoch allein auf den Torwart zulaufend nicht im Tor unterbringen konnte. Weiter dominierten &#8222;d\u00e9i blo&#8220; ohne jedoch etwas z\u00e4hlbares aus den Chancen zu machen und so kam es wie es so oft im Fu\u00dfball kommt. In der 16. Minute kam Thiel nach einem Freisto\u00df an den Ball und konnte Popescu, dessen Sicht durch die Vielzahl an Vorderleuten beeinflusst war, \u00fcberwinden und zum 1-0 f\u00fcr die Hausherren treffen. Doch auch dieser R\u00fcckstand sollte keineswegs ein R\u00fcckschlag f\u00fcr die G\u00e4ste sein. Nur 3 Minuten sp\u00e4ter hatte Lauer die n\u00e4chste Gro\u00dfchance, die aber auch nicht genutzt wurde. Wiederum 3 Minuten sp\u00e4ter in der 22. Minute konnte er jedoch den verdienten 1-1 Ausgleich erzielen. In den darauffolgenden Minuten war die Partie ausgeglichener dennoch sollte es nicht mit einem Unentschieden in die Pause gehen. In der 40. konnte Linn den F\u00fchrungstreffer f\u00fcr die G\u00e4ste erzielen und die Spieler von Mensdorf konnten froh sein, dass sie zum Pausentee mit nur 1-2 hinten lagen.<\/p>\r\n<p>Nicht sehr gl\u00fccklich \u00fcber diesen R\u00fcckstand war sicherlich der Trainer der Hausherren und seine Halbzeit-Ansprache war wohl auch etwas h\u00e4rter. Auf jeden Fall kam die Mannschaft von Mensdorf wie ausgewechselt aus der Kabine und die defensive Haltung der ersten Halbzeit wurde abgelegt. Nicht unverdient, wenn man nur die Anfangsphase der 2. Halbzeit ber\u00fccksichtigt, konnte erneut Thiel in der 59. Minute den 2-2 Ausgleich erzielen.<\/p>\r\n<p>In der 65. Minute gab es eine Schrecksekunde f\u00fcr &#8222;d\u00e9i blo&#8220; als Linn verletztungsbedingt ausgewechselt werden musste und durch Neuzugang Pedro Dos Santos ersetzt wurde. Es ist f\u00fcr den Spieler und die Mannschaft zu hoffen, dass die Verletzung nicht so schlimm ist, wie sie im ersten Moment schien. Wir w\u00fcnschen Linn auf jeden Fall eine gute und schnelle Genesung! Nur zwei Minuten sp\u00e4ter wechselte Bradasch erneut und brachte Ferretti f\u00fcr Kurz ins Spiel. <br \/>Diese 2 Wechsel brachten auch direkt wieder Fahrt in die Partie und in nur 13 Minuten konnte die G\u00e4ste das Spiel f\u00fcr sich entscheiden. Nach nur 7 Minuten im neuen Trikot gelang Dos Santos in der 72. Minute gleich das erste Tor zum 2-3 f\u00fcr die G\u00e4ste. In der 77. Konnte Goalgetter Lauer zuschlagen und mit dem 2-4 seinen bereits 21. Ligatreffer in nur 13 Spielen erzielen. Nur Mogni aus Beggen hat mit 24 Treffer mehr aufzuweisen, jedoch hat dieser auch 2 Spieler mehr bestritten und in Sachen Scorerpunkten sind beide mit 26 gleichauf.<\/p>\r\n<p>Auch der 2. Wechsel sollte Fr\u00fcchte tragen, denn in der 85. Minute machte Ferretti mit dem 2-5 den Deckel auf das Spiel. Auch wenn Speller nach einem Eckball der Hausherren in der 4. Minute der Nachspielzeit noch auf 3-5 verk\u00fcrzen konnte, fuhr der CS Grevenmacher hochverdient mit 3 Punkten im Gep\u00e4ck wieder in Richtung Mosel.<\/p>\r\n<p>Der Vorsprung in der Tabelle betr\u00e4gt durch die Vorverlegung des Spiels nun 12 Punkte. Man kann jedoch davon ausgehen, dass weder Cebra gegen Remich noch Beggen in Oberkorn Punkte h\u00e4ngen lassen und es somit bei 9 Punkten Vorsprung auf den Relegationsplatz und 11 Punkten auf einen Nicht-Aufstiegsplatz bleibt.<\/p>\r\n<p>Wir w\u00fcnschen euch ein sch\u00f6nes Wochenende, eine gute Arbeitswoche oder Schulferien und freuen uns, euch am Sonntag um 16:00 Uhr wieder &#8222;op Flohr&#8220; begr\u00fc\u00dfen zu k\u00f6nnen, wenn Union 05 Kayl-Tetingen zu Gast sein wird.<\/p>\r\n<p>&nbsp;<\/p>\r\n","protected":false},"excerpt":{"rendered":"","protected":false},"author":1,"featured_media":19084,"comment_status":"closed","ping_status":"closed","sticky":false,"template":"","format":"standard","meta":{"footnotes":""},"categories":[4],"tags":[],"class_list":["post-16778","post","type-post","status-publish","format-standard","has-post-thumbnail","hentry","category-news"],"_links":{"self":[{"href":"https:\/\/www.csg.lu\/index.php\/wp-json\/wp\/v2\/posts\/16778","targetHints":{"allow":["GET"]}}],"collection":[{"href":"https:\/\/www.csg.lu\/index.php\/wp-json\/wp\/v2\/posts"}],"about":[{"href":"https:\/\/www.csg.lu\/index.php\/wp-json\/wp\/v2\/types\/post"}],"author":[{"embeddable":true,"href":"https:\/\/www.csg.lu\/index.php\/wp-json\/wp\/v2\/users\/1"}],"replies":[{"embeddable":true,"href":"https:\/\/www.csg.lu\/index.php\/wp-json\/wp\/v2\/comments?post=16778"}],"version-history":[{"count":2,"href":"https:\/\/www.csg.lu\/index.php\/wp-json\/wp\/v2\/posts\/16778\/revisions"}],"predecessor-version":[{"id":19417,"href":"https:\/\/www.csg.lu\/index.php\/wp-json\/wp\/v2\/posts\/16778\/revisions\/19417"}],"wp:featuredmedia":[{"embeddable":true,"href":"https:\/\/www.csg.lu\/index.php\/wp-json\/wp\/v2\/media\/19084"}],"wp:attachment":[{"href":"https:\/\/www.csg.lu\/index.php\/wp-json\/wp\/v2\/media?parent=16778"}],"wp:term":[{"taxonomy":"category","embeddable":true,"href":"https:\/\/www.csg.lu\/index.php\/wp-json\/wp\/v2\/categories?post=16778"},{"taxonomy":"post_tag","embeddable":true,"href":"https:\/\/www.csg.lu\/index.php\/wp-json\/wp\/v2\/tags?post=16778"}],"curies":[{"name":"wp","href":"https:\/\/api.w.org\/{rel}","templated":true}]}}