{"id":21943,"date":"2024-08-12T16:24:47","date_gmt":"2024-08-12T14:24:47","guid":{"rendered":"https:\/\/www.csg.lu\/?p=21943"},"modified":"2024-08-12T16:24:47","modified_gmt":"2024-08-12T14:24:47","slug":"offensive-verstaerkung","status":"publish","type":"post","link":"https:\/\/www.csg.lu\/index.php\/2024\/08\/12\/offensive-verstaerkung\/","title":{"rendered":"Offensive Verst\u00e4rkung"},"content":{"rendered":"<p>Mit Fabricio Lopes hat sich der CS Grevenmacher auch offensiv noch verst\u00e4rkt.<\/p>\n<p>Der 25-J\u00e4hrige stand seit M\u00e4rz 2024 beim FC Jeunesse Canach unter Vertrag und kam 13 Mal zum Einsatz. Nun wechselt Fabricio f\u00fcr die Saison 2024\/2025 an die Mosel.<\/p>\n<p>Wir w\u00fcnschen ihm eine erfolgreiche und verletzungsfrei Saison.<\/p>\n<p>&nbsp;<\/p>\n","protected":false},"excerpt":{"rendered":"<p>Mit Fabricio Lopes hat sich der CS Grevenmacher auch offensiv noch verst\u00e4rkt. Der 25-J\u00e4hrige stand seit M\u00e4rz 2024 beim FC Jeunesse Canach unter Vertrag und kam 13 Mal zum Einsatz. Nun wechselt Fabricio f\u00fcr die Saison 2024\/2025 an die Mosel. Wir w\u00fcnschen ihm eine erfolgreiche und verletzungsfrei Saison. &nbsp;<\/p>\n","protected":false},"author":1,"featured_media":21944,"comment_status":"closed","ping_status":"closed","sticky":false,"template":"","format":"standard","meta":{"footnotes":""},"categories":[145,4],"tags":[],"class_list":["post-21943","post","type-post","status-publish","format-standard","has-post-thumbnail","hentry","category-2024-2025","category-news"],"_links":{"self":[{"href":"https:\/\/www.csg.lu\/index.php\/wp-json\/wp\/v2\/posts\/21943","targetHints":{"allow":["GET"]}}],"collection":[{"href":"https:\/\/www.csg.lu\/index.php\/wp-json\/wp\/v2\/posts"}],"about":[{"href":"https:\/\/www.csg.lu\/index.php\/wp-json\/wp\/v2\/types\/post"}],"author":[{"embeddable":true,"href":"https:\/\/www.csg.lu\/index.php\/wp-json\/wp\/v2\/users\/1"}],"replies":[{"embeddable":true,"href":"https:\/\/www.csg.lu\/index.php\/wp-json\/wp\/v2\/comments?post=21943"}],"version-history":[{"count":2,"href":"https:\/\/www.csg.lu\/index.php\/wp-json\/wp\/v2\/posts\/21943\/revisions"}],"predecessor-version":[{"id":21946,"href":"https:\/\/www.csg.lu\/index.php\/wp-json\/wp\/v2\/posts\/21943\/revisions\/21946"}],"wp:featuredmedia":[{"embeddable":true,"href":"https:\/\/www.csg.lu\/index.php\/wp-json\/wp\/v2\/media\/21944"}],"wp:attachment":[{"href":"https:\/\/www.csg.lu\/index.php\/wp-json\/wp\/v2\/media?parent=21943"}],"wp:term":[{"taxonomy":"category","embeddable":true,"href":"https:\/\/www.csg.lu\/index.php\/wp-json\/wp\/v2\/categories?post=21943"},{"taxonomy":"post_tag","embeddable":true,"href":"https:\/\/www.csg.lu\/index.php\/wp-json\/wp\/v2\/tags?post=21943"}],"curies":[{"name":"wp","href":"https:\/\/api.w.org\/{rel}","templated":true}]}}