{"id":22355,"date":"2025-06-29T14:36:04","date_gmt":"2025-06-29T12:36:04","guid":{"rendered":"https:\/\/www.csg.lu\/?p=22355"},"modified":"2026-02-03T12:48:11","modified_gmt":"2026-02-03T11:48:11","slug":"sommer-transferperiode-2025-teil-5","status":"publish","type":"post","link":"https:\/\/www.csg.lu\/index.php\/2025\/06\/29\/sommer-transferperiode-2025-teil-5\/","title":{"rendered":"Sommer-Transferperiode 2025 \/ Teil 5"},"content":{"rendered":"<p>Wie jede Saison, gibt es auch in dieser Transferperiode nicht nur Neuzug\u00e4nge und Vertragsverl\u00e4ngerungen zu vermelden, sondern auch Abg\u00e4nge.<\/p>\n<p><img loading=\"lazy\" decoding=\"async\" class=\"alignleft wp-image-21962 size-full\" src=\"https:\/\/www.csg.lu\/wp\/wp-content\/uploads\/2024\/08\/Kurz-Daniel.jpg\" alt=\"\" width=\"300\" height=\"300\" \/>Zur Saison 2019\/2020 kam Daniel Kurz vom FC Victoria Rosport zum CS Grevenmacher. War er in den ersten beiden Jahren noch eher Erg\u00e4nzungsspieler, so etablierte sich Daniel ab der Saison 2021\/2022 zu einem Leistungstr\u00e4ger und absolvierte stets mindestens 2\/3 der Saisonspiele, meistens \u00fcber die volle Distanz. Nun hat sich Daniel dazu entschlossen, vorerst mal eine fu\u00dfballerische Pause einzulegen. Wir bedanken uns bei Daniel f\u00fcr seine guten Leistungen im Trikot des CSG und w\u00fcnschen ihm eine gute Erholungspause und alles Gute f\u00fcr die Zukunft.<\/p>\n<p>&nbsp;<\/p>\n<p>&nbsp;<\/p>\n<p>&nbsp;<\/p>\n<p>&nbsp;<\/p>\n<p>&nbsp;<\/p>\n<p>&nbsp;<\/p>\n<p><img loading=\"lazy\" decoding=\"async\" class=\"alignright wp-image-21960 size-full\" src=\"https:\/\/www.csg.lu\/wp\/wp-content\/uploads\/2024\/08\/Teitgen-Rene.jpg\" alt=\"\" width=\"300\" height=\"300\" \/>Ren\u00e9 Teitgen kam als Wintertransfer der Saison 2021\/2022 zum CS Grevenmacher und half mit, dass am Ende der Saison der Aufstieg in die Ehrenpromotioun geschafft wurde. In der vergangenen Saison musste Ren\u00e9 wegen Verletzungen und Sperren einige Spiele aussetzen und kam somit nur bei 50% der Spiele zum Einsatz. Ren\u00e9 hat sich entschieden, die Mosel flussaufw\u00e4rts zu ziehen und wird in der Saison 2025\/2026 beim FC Schengen unter Vertrag stehen. Wir bedanken uns bei Ren\u00e9 f\u00fcr seinen Einsatz und w\u00fcnschen ihm alles Gute f\u00fcr die Zukunft.<\/p>\n<p>&nbsp;<\/p>\n<p>&nbsp;<\/p>\n<p>&nbsp;<\/p>\n<p>&nbsp;<\/p>\n<p>&nbsp;<\/p>\n<p>&nbsp;<\/p>\n<p><img decoding=\"async\" class=\"size-full wp-image-21958 alignleft\" src=\"https:\/\/www.csg.lu\/wp\/wp-content\/uploads\/2024\/08\/Lopes-Fabricio.jpg\" \/><img loading=\"lazy\" decoding=\"async\" class=\"size-full wp-image-21958 alignleft\" src=\"https:\/\/www.csg.lu\/wp\/wp-content\/uploads\/2024\/08\/Delgado-Anthony.jpg\" alt=\"\" width=\"300\" height=\"300\" \/>Zu Beginn der Saison kamen Fabricio Lopes und Anthony Delgado zum CSG. Nach einem Jahr werden diese beiden Spieler die Moselaner nun wieder verlassen. W\u00e4hrend Fabricio ausgeliehen war und somit an den FC Jeunesse Canach zur\u00fcckf\u00e4llt, ist die Zukunft von Anthony noch ungewiss. Wir bedanken uns bei den beiden Spielern und w\u00fcnschen ihnen weiterhin viel Erfolg.<\/p>\n<p>&nbsp;<\/p>\n<p>&nbsp;<\/p>\n<p>&nbsp;<\/p>\n<p>&nbsp;<\/p>\n<p>&nbsp;<\/p>\n<p>&nbsp;<\/p>\n<p><img loading=\"lazy\" decoding=\"async\" class=\"alignright wp-image-21960 size-full\" src=\"https:\/\/www.csg.lu\/wp\/wp-content\/uploads\/2025\/02\/DosSantos-Evandro.jpg\" alt=\"\" width=\"300\" height=\"300\" \/><img loading=\"lazy\" decoding=\"async\" class=\"alignright wp-image-21960 size-full\" src=\"https:\/\/www.csg.lu\/wp\/wp-content\/uploads\/2025\/02\/Husovic-Dzemil.jpg\" alt=\"\" width=\"300\" height=\"300\" \/>In der Winterpause der vergangenen Saison stie\u00dfen Dzemil Husovic und Evandra Dos Santos zum CS Grevenmacher. Dzemil wurde als Ersatz f\u00fcr Ivan Tiric ausgeliehen, der sich in der Hinrunde schwer verletzte und noch immer ausf\u00e4llt. Durch die guten Leistungen des Stammtorh\u00fcters Tim Schilz, konnte sich Dzemil nur einmal bei der Reserve beweisen. Obwohl er f\u00fcr die 1. Mannschaft in einem Pflichtspiel keine Sekunde auf dem Platz stand, gab er stets ein sehr professionelles Verhalten ab. Wir bedanken uns sehr bei ihm, und w\u00fcnschen ihm beim FC Mondercange weiterhin viel Erfolg. Evandro spielte vor seinem Wechsel an die Mosel bei US Rem\u00fclingen in der Ehrenpromotion. Wo es ihn nun hinzieht, ist noch nicht bekannt. Wir w\u00fcnschen auch ihm viel Erfolg f\u00fcr die Zukunft.<\/p>\n<p>&nbsp;<\/p>\n<p>&nbsp;<\/p>\n<p>&nbsp;<\/p>\n<p>Weitere Folgen der Sommer-Transferperiode 2025 &#8211; News-Reihe folgen in den n\u00e4chsten Tagen.<\/p>\n<p>#EemolMaacher\u00cbmmerMaacher<\/p>\n","protected":false},"excerpt":{"rendered":"<p>Wie jede Saison, gibt es auch in dieser Transferperiode nicht nur Neuzug\u00e4nge und Vertragsverl\u00e4ngerungen zu vermelden, sondern auch Abg\u00e4nge. Zur Saison 2019\/2020 kam Daniel Kurz vom FC Victoria Rosport zum CS Grevenmacher. War er in den ersten beiden Jahren noch eher Erg\u00e4nzungsspieler, so etablierte sich Daniel ab der Saison 2021\/2022 zu einem Leistungstr\u00e4ger und absolvierte [&hellip;]<\/p>\n","protected":false},"author":1,"featured_media":22323,"comment_status":"closed","ping_status":"closed","sticky":false,"template":"","format":"standard","meta":{"footnotes":""},"categories":[145,172],"tags":[],"class_list":["post-22355","post","type-post","status-publish","format-standard","has-post-thumbnail","hentry","category-2024-2025","category-transfer"],"_links":{"self":[{"href":"https:\/\/www.csg.lu\/index.php\/wp-json\/wp\/v2\/posts\/22355","targetHints":{"allow":["GET"]}}],"collection":[{"href":"https:\/\/www.csg.lu\/index.php\/wp-json\/wp\/v2\/posts"}],"about":[{"href":"https:\/\/www.csg.lu\/index.php\/wp-json\/wp\/v2\/types\/post"}],"author":[{"embeddable":true,"href":"https:\/\/www.csg.lu\/index.php\/wp-json\/wp\/v2\/users\/1"}],"replies":[{"embeddable":true,"href":"https:\/\/www.csg.lu\/index.php\/wp-json\/wp\/v2\/comments?post=22355"}],"version-history":[{"count":13,"href":"https:\/\/www.csg.lu\/index.php\/wp-json\/wp\/v2\/posts\/22355\/revisions"}],"predecessor-version":[{"id":22371,"href":"https:\/\/www.csg.lu\/index.php\/wp-json\/wp\/v2\/posts\/22355\/revisions\/22371"}],"wp:featuredmedia":[{"embeddable":true,"href":"https:\/\/www.csg.lu\/index.php\/wp-json\/wp\/v2\/media\/22323"}],"wp:attachment":[{"href":"https:\/\/www.csg.lu\/index.php\/wp-json\/wp\/v2\/media?parent=22355"}],"wp:term":[{"taxonomy":"category","embeddable":true,"href":"https:\/\/www.csg.lu\/index.php\/wp-json\/wp\/v2\/categories?post=22355"},{"taxonomy":"post_tag","embeddable":true,"href":"https:\/\/www.csg.lu\/index.php\/wp-json\/wp\/v2\/tags?post=22355"}],"curies":[{"name":"wp","href":"https:\/\/api.w.org\/{rel}","templated":true}]}}